{"id":3035,"date":"2022-10-03T11:06:04","date_gmt":"2022-10-03T14:06:04","guid":{"rendered":"https:\/\/aulaabierta.unahur.edu.ar\/?p=3035"},"modified":"2022-10-03T11:06:04","modified_gmt":"2022-10-03T14:06:04","slug":"la-salud-y-las-letras","status":"publish","type":"post","link":"https:\/\/aulaabierta.unahur.edu.ar\/index.php\/2022\/10\/03\/la-salud-y-las-letras\/","title":{"rendered":"La salud y las letras"},"content":{"rendered":"\n<p><\/p>\n\n\n\n<h2 class=\"wp-block-heading\">El martes 27 de septiembre, se realiz\u00f3 en el auditorio de la Universidad Nacional de Hurlingham (UNAHUR) el taller \u201cPensando la salud mental desde la literatura\u201d. La propuesta estuvo dirigida a estudiantes de la materia Salud Mental del Instituto de Salud Comunitaria y fue llevada adelante por una graduada y tres estudiantes del Profesorado Universitario de Letras. &nbsp;<\/h2>\n\n\n\n<p>La profesora <strong>Mercedes de Mart\u00edn Garmendia<\/strong>, <strong>docente de la materia Salud Mental<\/strong>, fue la encargada de dar la bienvenida a las y los presentes. Tambi\u00e9n agradeci\u00f3 especialmente a la Dra. <strong>Cecilia Perczyk<\/strong>, quien, junto con Lara Seijas, <strong>coordina al equipo de investigaci\u00f3n que se hizo cargo de la actividad<\/strong>.<\/p>\n\n\n\n<p>\u201cUna lectura de <em>Agamen\u00f3n<\/em> de S\u00e9neca en clave de g\u00e9nero. Aportes para una transposici\u00f3n audiovisual del mito de los Atridas en el Conurbano Bonaerense\u201d es el t\u00edtulo del proyecto que coordinan Seijas y Perczyk. Tres estudiantes avanzadas (<strong>Carla Di Palma, Sof\u00eda Yantorno y Sol L\u00e1zaro<\/strong>) y una graduada (<strong>Graciela Mumart\u00edn<\/strong>) del Profesorado Universitario de Letras <strong>integran el equipo y condujeron el taller<\/strong>. &nbsp;<\/p>\n\n\n\n<p>&nbsp;\u201cEn el marco de un seminario de extensi\u00f3n de la <strong>Secretar\u00eda de Servicios a la Comunidad<\/strong> trabajamos en un proyecto que se llama <strong><em>La UNAHUR va al teatro<\/em><\/strong>\u201d, introdujo Perczyk. Y agreg\u00f3: \u201cAdem\u00e1s, tenemos un acuerdo con el <strong>Teatro Nacional Cervantes<\/strong>, que nos permite invitar a estudiantes de la UNAHUR a ver distintas obras y utilizar una serie de audiocuentos bajo el t\u00edtulo de <em>Cuentistas Argentinas<\/em>\u201d. Esta serie est\u00e1 integrada por doce cuentos de seis autoras argentinas, que son le\u00eddos por actrices y actores.<\/p>\n\n\n\n<p>Las y los estudiantes de la materia Salud mental ya hab\u00edan escuchado el <strong>cuento \u201cMi hermano Walter\u201d<\/strong>, de la escritora oriunda de Hurlingham <strong>Samanta Schweblin<\/strong>. El audiocuento volvi\u00f3 a reproducirse en el auditorio del edificio Malvinas Argentinas. \u201cLa idea \u2013explic\u00f3 la estudiante Di Palma\u2013 es que se produzca <strong>un cruce entre saberes propios de los \u00e1mbitos de la salud y de las letras<\/strong>. Graciela Mumart\u00edn, por su parte, present\u00f3 los aspectos m\u00e1s salientes de la trayectoria de Schweblin.<\/p>\n\n\n\n<p>Luego de que se escuchara el cuento, se abri\u00f3 un espacio para el <strong>debate<\/strong>. \u201cMi hermano Walter\u201d es narrado por el hermano del protagonista. <strong>Walter es un hombre adulto con un cuadro severo de depresi\u00f3n<\/strong>. Mientras peor est\u00e1 este \u00faltimo, mejor est\u00e1n las cosas para todo su entorno. Ese es la paradoja \u2013y el elemento fant\u00e1stico\u2013 que Schweblin introduce en un relato que, a primera vista, parece regirse por los patrones de la \u201cnormalidad\u201d. &nbsp;&nbsp;&nbsp;<\/p>\n\n\n\n<p>Apenas finalizado el debate, se repartieron dos tarjetas en blanco a cada estudiante. En una, deb\u00edan volcar alg\u00fan <strong>concepto<\/strong> visto en la materia Salud Mental que guardara alguna relaci\u00f3n con el cuento; en la otra, una <strong>sensaci\u00f3n<\/strong> que el relato hubiera provocado. Las tarjetas se pegaron en dos afiches y luego se pusieron en com\u00fan.<\/p>\n\n\n\n<p>@AAUNAHUR<\/p>\n","protected":false},"excerpt":{"rendered":"<p>El martes 27 de septiembre, se realiz\u00f3 en el auditorio de la Universidad Nacional de Hurlingham (UNAHUR) el taller \u201cPensando la salud mental desde la literatura\u201d. La propuesta estuvo dirigida a estudiantes de la materia Salud Mental del Instituto de Salud Comunitaria y fue llevada adelante por una graduada y tres estudiantes del Profesorado Universitario [&hellip;]<\/p>\n","protected":false},"author":2,"featured_media":3037,"comment_status":"open","ping_status":"open","sticky":false,"template":"","format":"standard","meta":{"_et_pb_use_builder":"","_et_pb_old_content":"","_et_gb_content_width":"","footnotes":""},"categories":[7,1],"tags":[428,427,431,82,196,432,126,433,429,430,434],"class_list":["post-3035","post","type-post","status-publish","format-standard","has-post-thumbnail","hentry","category-noticias","category-sin-categoria","tag-carla-di-palma","tag-cecilia-perczyk","tag-graciela-mumartin","tag-instituto-de-educacion","tag-instituto-de-salud-comunitaria","tag-la-unahur-va-al-teatro","tag-profesorado-universitario-de-letras","tag-secretaria-de-servicios-a-la-comunidad","tag-sofia-yantorno","tag-sol-lazaro","tag-teatro-nacional-cervantes"],"_links":{"self":[{"href":"https:\/\/aulaabierta.unahur.edu.ar\/index.php\/wp-json\/wp\/v2\/posts\/3035","targetHints":{"allow":["GET"]}}],"collection":[{"href":"https:\/\/aulaabierta.unahur.edu.ar\/index.php\/wp-json\/wp\/v2\/posts"}],"about":[{"href":"https:\/\/aulaabierta.unahur.edu.ar\/index.php\/wp-json\/wp\/v2\/types\/post"}],"author":[{"embeddable":true,"href":"https:\/\/aulaabierta.unahur.edu.ar\/index.php\/wp-json\/wp\/v2\/users\/2"}],"replies":[{"embeddable":true,"href":"https:\/\/aulaabierta.unahur.edu.ar\/index.php\/wp-json\/wp\/v2\/comments?post=3035"}],"version-history":[{"count":1,"href":"https:\/\/aulaabierta.unahur.edu.ar\/index.php\/wp-json\/wp\/v2\/posts\/3035\/revisions"}],"predecessor-version":[{"id":3036,"href":"https:\/\/aulaabierta.unahur.edu.ar\/index.php\/wp-json\/wp\/v2\/posts\/3035\/revisions\/3036"}],"wp:featuredmedia":[{"embeddable":true,"href":"https:\/\/aulaabierta.unahur.edu.ar\/index.php\/wp-json\/wp\/v2\/media\/3037"}],"wp:attachment":[{"href":"https:\/\/aulaabierta.unahur.edu.ar\/index.php\/wp-json\/wp\/v2\/media?parent=3035"}],"wp:term":[{"taxonomy":"category","embeddable":true,"href":"https:\/\/aulaabierta.unahur.edu.ar\/index.php\/wp-json\/wp\/v2\/categories?post=3035"},{"taxonomy":"post_tag","embeddable":true,"href":"https:\/\/aulaabierta.unahur.edu.ar\/index.php\/wp-json\/wp\/v2\/tags?post=3035"}],"curies":[{"name":"wp","href":"https:\/\/api.w.org\/{rel}","templated":true}]}}